{"id":667,"date":"2021-02-19T09:31:56","date_gmt":"2021-02-19T08:31:56","guid":{"rendered":"http:\/\/www.cherryfizz.fr\/blog\/?p=667"},"modified":"2021-05-06T17:59:35","modified_gmt":"2021-05-06T15:59:35","slug":"quest-ce-que-lillectronisme-et-pourquoi-les-commanditaires-et-designers-de-services-numeriques-doivent-sen-soucier","status":"publish","type":"post","link":"https:\/\/www.cherryfizz.fr\/blog\/quest-ce-que-lillectronisme-et-pourquoi-les-commanditaires-et-designers-de-services-numeriques-doivent-sen-soucier\/","title":{"rendered":"Qu&rsquo;est-ce que l&rsquo;illectronisme et pourquoi les commanditaires et designers de services num\u00e9riques doivent s&rsquo;en soucier ?"},"content":{"rendered":"\n<p>L&rsquo;illectronisme c&rsquo;est l&rsquo;illettrisme num\u00e9rique pour&nbsp;<strong>17% de fran\u00e7ais soit 14 millions d&rsquo;individus<\/strong>. Ce terme est donc \u00e0 inclure dans l&rsquo;<strong>accessibilit\u00e9 num\u00e9rique<\/strong>. On pense \u00e0 tort, que l&rsquo;accessibilit\u00e9 ne concerne que des handicaps visibles, or ce sont eux bien s\u00fbr, mais aussi les personnes qui souffrent d&rsquo;un manque d&rsquo;acc\u00e8s \u00e0 Internet, d&rsquo;un manque de formation aux outils num\u00e9riques&#8230; L&rsquo;accessibilit\u00e9 concerne bien plus de monde qu&rsquo;on ne le pense.<\/p>\n\n\n\n<p>J&rsquo;ai \u00e9cout\u00e9&nbsp;<strong>le podcast de France Culture&nbsp;<\/strong>\u00ab\u00a0<a href=\"https:\/\/www.franceculture.fr\/emissions\/les-pieds-sur-terre\/les-pieds-sur-terre-emission-du-jeudi-05-mars-2020\" target=\"_blank\" rel=\"noreferrer noopener\">L&rsquo;illectronisme : ceux qui ne s&rsquo;y font pas<\/a>\u00a0\u00bb et ce qui m&rsquo;a donn\u00e9 envie de partager un article avec vous. J&rsquo;ai lu, cherch\u00e9, analys\u00e9, bref, j&rsquo;y ai pass\u00e9 beaucoup plus de temps que pr\u00e9vu, mon c\u00f4t\u00e9 perfectionniste et jusque boutiste^^<\/p>\n\n\n\n<p><strong>Les verbatims des intervenants<\/strong>&nbsp;de tous \u00e2ges sont \u00e9difiants :<\/p>\n\n\n\n<p>\u00ab\u00a0J&rsquo;ai l&rsquo;impression d&rsquo;<strong>\u00eatre b\u00eate<\/strong>&nbsp;!\u00a0\u00bb<\/p>\n\n\n\n<p>\u00ab\u00a0Je veux bien avancer, mais&nbsp;<strong>laissez-moi le temps d&rsquo;apprendre<\/strong>\u00ab\u00a0<\/p>\n\n\n\n<p>\u00ab\u00a0J&rsquo;ai peur de faire&nbsp;<strong>une b\u00eatise<\/strong>&nbsp;!\u00a0\u00bb<\/p>\n\n\n\n<p>\u00ab\u00a0C&rsquo;est la&nbsp;<strong>panique<\/strong>\u00ab\u00a0<\/p>\n\n\n\n<p>\u00ab\u00a0Il y a toute ma vie sur Google,&nbsp;<strong>\u00e7a fait peur&nbsp;<\/strong>! Faut que je trouve comment effacer \u00e7a.\u00a0\u00bb<\/p>\n\n\n\n<p>Les \u00e9motions sont palpables, d\u00e9tresse, solitude, panique&#8230; En tant que personne ultra sensible \u00e0 la d\u00e9tresse des autres, je comprends leur d\u00e9sarroi et j&rsquo;esp\u00e8re vraiment pouvoir un jour travailler de nouveau sur un projet ambitieux et public afin de pouvoir aller sur le terrain, remonter les difficult\u00e9s des personnes et contribuer \u00e0 la conception d&rsquo;un service.<\/p>\n\n\n\n<p><em>J&rsquo;ai travaill\u00e9 quelque mois \u00e0 la conception d&rsquo;un service de d\u00e9mat\u00e9rialisation pour l&rsquo;ADEME et j&rsquo;ai vraiment ador\u00e9 et beaucoup appris !<\/em><\/p>\n\n\n\n<h2 class=\"wp-block-heading\">D\u00e9finitions utiles pour continuer cet article<\/h2>\n\n\n\n<p><strong>Illectronisme :&nbsp;<\/strong>L&rsquo;ANLCI (Agence Nationale de Lutte contre l&rsquo;Illettrisme) consid\u00e8re que l\u2019illectronisme caract\u00e9rise \u00ab la situation d\u2019un adulte ne ma\u00eetrisant pas suffisamment les usages des outils num\u00e9riques usuels pour acc\u00e9der aux informations, les traiter et agir en autonomie dans la vie courante \u00bb.<\/p>\n\n\n\n<figure class=\"wp-block-image size-large\"><img loading=\"lazy\" decoding=\"async\" width=\"768\" height=\"491\" src=\"https:\/\/www.cherryfizz.fr\/blog\/wp-content\/uploads\/2021\/05\/Capture-de\u0301cran-2021-05-06-a\u0300-17.56.17.png\" alt=\"\" class=\"wp-image-689\" srcset=\"https:\/\/www.cherryfizz.fr\/blog\/wp-content\/uploads\/2021\/05\/Capture-de\u0301cran-2021-05-06-a\u0300-17.56.17.png 768w, https:\/\/www.cherryfizz.fr\/blog\/wp-content\/uploads\/2021\/05\/Capture-de\u0301cran-2021-05-06-a\u0300-17.56.17-300x192.png 300w, https:\/\/www.cherryfizz.fr\/blog\/wp-content\/uploads\/2021\/05\/Capture-de\u0301cran-2021-05-06-a\u0300-17.56.17-600x384.png 600w\" sizes=\"auto, (max-width: 768px) 100vw, 768px\" \/><\/figure>\n\n\n\n<p><a href=\"https:\/\/sps.fr\/wp-content\/uploads\/2019\/07\/SPS_Livre_Blanc_Contre_Illectronisme_Juin2019.pdf\" target=\"_blank\" rel=\"noreferrer noopener\">Source<\/a><\/p>\n\n\n\n<p><strong>Accessibilit\u00e9 num\u00e9rique :<\/strong>&nbsp;L\u2019accessibilit\u00e9 num\u00e9rique consiste \u00e0 rendre les services en ligne accessibles aux personnes en situation de handicap, pour cela il existe un r\u00e9f\u00e9rentiel g\u00e9n\u00e9ral d&rsquo;am\u00e9lioration de l&rsquo;accessibilit\u00e9 \u2013&nbsp;<a href=\"https:\/\/www.numerique.gouv.fr\/publications\/rgaa-accessibilite\/\" target=\"_blank\" rel=\"noreferrer noopener\">RGAA Version 4.1<\/a>.&nbsp;<strong>\u00ab\u00a0<\/strong>Le handicap est d\u00e9fini comme&nbsp;:&nbsp;toute&nbsp;<strong>limitation d\u2019activit\u00e9 ou restriction<\/strong>&nbsp;de participation \u00e0 la vie en soci\u00e9t\u00e9 subie dans son environnement par une personne en raison d\u2019une&nbsp;<strong>alt\u00e9ration substantielle, durable ou d\u00e9finitive<\/strong>&nbsp;d\u2019une ou plusieurs&nbsp;<strong>fonctions physiques, sensorielles, mentales, cognitives ou psychiques<\/strong>, d\u2019un polyhandicap ou d\u2019un trouble de sant\u00e9 invalidant.\u00a0\u00bb<\/p>\n\n\n\n<p><strong>Pour pr\u00e9ciser :&nbsp;<\/strong>Les utilisateurs d\u00e9ficients visuels, les utilisateurs avec handicap moteur, les utilisateurs ayant des troubles dys, les utilisateurs pr\u00e9sentant un handicap mental ou cognitif, les utilisateurs sourds ou malentendants, les seniors, l\u2019utilisateur sans handicap particulier mais qui peut \u00eatre en fracture num\u00e9rique.<\/p>\n\n\n\n<p><strong>Fracture num\u00e9rique :&nbsp;<\/strong>C&rsquo;est la disparit\u00e9 d&rsquo;acc\u00e8s aux technologies&nbsp;informatiques, notamment&nbsp;Internet.<\/p>\n\n\n\n<p><strong>Inclusion num\u00e9rique :&nbsp;<\/strong>L&rsquo;inclusion num\u00e9rique (ou e-inclusion)&nbsp;est un processus qui vise \u00e0 rendre le&nbsp;num\u00e9rique&nbsp;accessible \u00e0 chaque individu et \u00e0 lui transmettre les comp\u00e9tences num\u00e9riques qui seront un levier de son inclusion sociale et \u00e9conomique. (<a href=\"https:\/\/fr.wikipedia.org\/wiki\/Inclusion_num%C3%A9rique\" target=\"_blank\" rel=\"noreferrer noopener\">Source<\/a>)<\/p>\n\n\n\n<figure class=\"wp-block-image size-large\"><img loading=\"lazy\" decoding=\"async\" width=\"794\" height=\"483\" src=\"https:\/\/www.cherryfizz.fr\/blog\/wp-content\/uploads\/2021\/05\/Capture-de\u0301cran-2021-05-06-a\u0300-17.57.13.png\" alt=\"\" class=\"wp-image-690\" srcset=\"https:\/\/www.cherryfizz.fr\/blog\/wp-content\/uploads\/2021\/05\/Capture-de\u0301cran-2021-05-06-a\u0300-17.57.13.png 794w, https:\/\/www.cherryfizz.fr\/blog\/wp-content\/uploads\/2021\/05\/Capture-de\u0301cran-2021-05-06-a\u0300-17.57.13-300x182.png 300w, https:\/\/www.cherryfizz.fr\/blog\/wp-content\/uploads\/2021\/05\/Capture-de\u0301cran-2021-05-06-a\u0300-17.57.13-768x467.png 768w, https:\/\/www.cherryfizz.fr\/blog\/wp-content\/uploads\/2021\/05\/Capture-de\u0301cran-2021-05-06-a\u0300-17.57.13-600x365.png 600w\" sizes=\"auto, (max-width: 794px) 100vw, 794px\" \/><\/figure>\n\n\n\n<p><a href=\"https:\/\/mbamci.com\/fracture-numerique\/\" target=\"_blank\" rel=\"noreferrer noopener\">Source<\/a><\/p>\n\n\n\n<p><strong>Abandonniste :<\/strong>&nbsp;Il se d\u00e9finit par un comportement de blocage selon lequel on renonce \u00e0 faire une action parce qu&rsquo;il faut utiliser Internet. Ce comportement touche 25% des 50-64 ans mais aussi les moins de 35 ans avec 15%. (<a href=\"http:\/\/file\/\/\/Users\/macherryfizz\/Downloads\/l-illectronisme-en-france.pdf\" target=\"_blank\" rel=\"noreferrer noopener\">Source<\/a>)<\/p>\n\n\n\n<figure class=\"wp-block-image size-large\"><img decoding=\"async\" src=\"blob:https:\/\/www.cherryfizz.fr\/9fc89d37-95d3-4e1f-a99c-531744e2ec9a\" alt=\"Aucun texte alternatif pour cette image\"\/><\/figure>\n\n\n\n<p><a href=\"https:\/\/www.arcep.fr\/uploads\/tx_gspublication\/infographie-barometre-num-2019.pdf\" target=\"_blank\" rel=\"noreferrer noopener\">Source<\/a><\/p>\n\n\n\n<h2 class=\"wp-block-heading\">Qui est concern\u00e9 par l&rsquo;illectronisme ?<\/h2>\n\n\n\n<figure class=\"wp-block-image size-large\"><img loading=\"lazy\" decoding=\"async\" width=\"763\" height=\"477\" src=\"https:\/\/www.cherryfizz.fr\/blog\/wp-content\/uploads\/2021\/05\/Capture-de\u0301cran-2021-05-06-a\u0300-17.57.51.png\" alt=\"\" class=\"wp-image-693\" srcset=\"https:\/\/www.cherryfizz.fr\/blog\/wp-content\/uploads\/2021\/05\/Capture-de\u0301cran-2021-05-06-a\u0300-17.57.51.png 763w, https:\/\/www.cherryfizz.fr\/blog\/wp-content\/uploads\/2021\/05\/Capture-de\u0301cran-2021-05-06-a\u0300-17.57.51-300x188.png 300w, https:\/\/www.cherryfizz.fr\/blog\/wp-content\/uploads\/2021\/05\/Capture-de\u0301cran-2021-05-06-a\u0300-17.57.51-600x375.png 600w\" sizes=\"auto, (max-width: 763px) 100vw, 763px\" \/><\/figure>\n\n\n\n<p><a href=\"https:\/\/www.insee.fr\/fr\/statistiques\/4241397#:~:text=En%202019%2C%2015%20%25%20de%20la,usagers%20ne%20sont%20pas%20%C3%A9quip%C3%A9s.\" target=\"_blank\" rel=\"noreferrer noopener\">Source<\/a><\/p>\n\n\n\n<h3 class=\"wp-block-heading\">Les personnes \u00e2g\u00e9es<\/h3>\n\n\n\n<p>Qui peuvent \u00eatre limit\u00e9es par leurs connaissances, leurs acc\u00e8s \u00e0 Internet, leur mat\u00e9riel, la solitude et ne peuvent \u00eatre aid\u00e9es, le manque d&rsquo;acc\u00e8s \u00e0 l&rsquo;information&#8230;<\/p>\n\n\n\n<h3 class=\"wp-block-heading\">Les personnes en situation de pr\u00e9carit\u00e9<\/h3>\n\n\n\n<p>Qui ne vont pas avoir acc\u00e8s aux ordinateurs, connexion Internet par soucis financiers. Qui ne sont pas accompagn\u00e9s correctement.<\/p>\n\n\n\n<h3 class=\"wp-block-heading\">Les personnes \u00e9trang\u00e8res<\/h3>\n\n\n\n<p>Qui vont se heurter \u00e0 la langue, \u00e0 la connaissance des lois, et encore un manque d&rsquo;accompagnement.<\/p>\n\n\n\n<h3 class=\"wp-block-heading\">Les jeunes<\/h3>\n\n\n\n<p>Contrairement \u00e0 ce qu&rsquo;on pourrait penser, les jeunes, pourtant n\u00e9s avec les t\u00e9l\u00e9phones, les consoles, peuvent \u00eatre tr\u00e8s dou\u00e9s avec certaines applications et jeux mais totalement perdus d\u00e8s qu&rsquo;on sort du cadre ludique, d\u00e8s qu&rsquo;on utilise un vocabulaire trop technique ou qui ma\u00eetrisent mal les codes de l&rsquo;administration.<\/p>\n\n\n\n<blockquote class=\"wp-block-quote is-layout-flow wp-block-quote-is-layout-flow\"><p>\u00ab&nbsp;Paradoxalement certains jeunes pourtant n\u00e9s avec les nouvelles technologies et tr\u00e8s \u00e0 l\u2019aise sur certaines applications se trouvent parfois d\u00e9sempar\u00e9s d\u00e8s lors que l\u2019utilisation devient moins ludique&nbsp;\u00bb<\/p><\/blockquote>\n\n\n\n<p><a href=\"https:\/\/sps.fr\/wp-content\/uploads\/2019\/07\/SPS_Livre_Blanc_Contre_Illectronisme_Juin2019.pdf\" target=\"_blank\" rel=\"noreferrer noopener\">Extrait du Livre blanc<\/a>&nbsp;\u00ab&nbsp;contre l\u2019illectronisme&nbsp;\u00bb<\/p>\n\n\n\n<p>D&rsquo;apr\u00e8s le syndicat \u00e9tudiant,&nbsp;<em>\u00ab\u00a0seuls 73 % des \u00e9tudiants disposent d&rsquo;un \u00e9quipement informatique personnel et 40 % ne s&rsquo;estiment pas en mesure de subir des \u00e9preuves \u00e0 distance en un temps r\u00e9duit\u00a0\u00bb<\/em>.<\/p>\n\n\n\n<h2 class=\"wp-block-heading\">Quelles situations acc\u00e9l\u00e8rent l&rsquo;illectronisme ?<\/h2>\n\n\n\n<p>Une part importante de la population fran\u00e7aise est exclue ou en difficult\u00e9 avec les usages du num\u00e9rique, par exemple :<\/p>\n\n\n\n<h3 class=\"wp-block-heading\">La d\u00e9mat\u00e9rialisation des services publics<\/h3>\n\n\n\n<p>L&rsquo;Etat tend \u00e0 obliger les d\u00e9marches en lignes pour de nombreux services en fermant ses guichets tels que la d\u00e9claration des imp\u00f4ts, la vente d&rsquo;une voiture, les prestations sociales&#8230; Toutefois il est important de retenir que les services publics ont l&rsquo;obligation de laisser les publics \u00e0 faire leurs d\u00e9marches d&rsquo;une autre mani\u00e8re.<\/p>\n\n\n\n<p>Le D\u00e9fenseur des Droits dans&nbsp;<a href=\"https:\/\/www.defenseurdesdroits.fr\/sites\/default\/files\/atoms\/files\/rapport-dematerialisation_num-accessible-03.04.19.pdf\" target=\"_blank\" rel=\"noreferrer noopener\">le rapport<\/a>&nbsp;sur la D\u00e9mat\u00e9rialisation et in\u00e9galit\u00e9s d\u2019acc\u00e8s aux services publics de 2019 mentionne vis \u00e0 vis de la d\u00e9mat\u00e9rialisation qu&rsquo;<em>\u00ab\u00a0elle est aussi un obstacle suppl\u00e9mentaire pour nombre de personnes surtout quand elle est mise en place&nbsp;<\/em><strong><em>\u00ab \u00e0 marche forc\u00e9e \u00bb<\/em><\/strong><em>, sans tenir compte&nbsp;<\/em><strong><em>des r\u00e9alit\u00e9s et des possibilit\u00e9s<\/em><\/strong><em>&nbsp;de chacune et chacun des usagers et qu\u2019elle s\u2019accompagne de difficult\u00e9s techniques importantes et persistantes.\u00a0\u00bb&nbsp;<\/em><\/p>\n\n\n\n<p>L&rsquo;exemple le plus commun est la d\u00e9mat\u00e9rialisation des Services Publics. Le gouvernement avec la DINUM met en place&nbsp;<a href=\"http:\/\/%20https\/\/design.numerique.gouv.fr\/\" target=\"_blank\" rel=\"noreferrer noopener\">un programme<\/a>&nbsp;Commando UX d\u00e9di\u00e9 \u00e0 aider les services publics dans la conception de leurs services num\u00e9riques&nbsp;se devant \u00eatre accessibles,&nbsp;inclusifs&nbsp;et&nbsp;humains d&rsquo;ici 2022.<\/p>\n\n\n\n<p>La Constitution garantit l&rsquo;acc\u00e8s aux Services Publics, toutefois quand toutes les d\u00e9marches tendent \u00e0 \u00eatre d\u00e9mat\u00e9rialis\u00e9es et que des probl\u00e8mes techniques bloquent l&rsquo;acc\u00e8s \u00e0 la proc\u00e9dure il s\u2019agit d\u2019une&nbsp;<strong>rupture de la continuit\u00e9 du Service Public<\/strong>.<\/p>\n\n\n\n<p><em>L&rsquo;article L.112-8 du code des relations entre les usagers et l\u2019administration qui dispose que \u00ab Toute personne, d\u00e8s lors qu\u2019elle s\u2019est identifi\u00e9e pr\u00e9alablement aupr\u00e8s d\u2019une administration, peut, dans des conditions d\u00e9termin\u00e9es par d\u00e9cret en Conseil d\u2019Etat, adresser \u00e0 celle ci, par voie \u00e9lectronique, une demande, une d\u00e9claration, un document ou une information, ou lui r\u00e9pondre par la m\u00eame voie. Cette administration est r\u00e9guli\u00e8rement saisie et traite la demande, la d\u00e9claration, le document ou l\u2019information sans lui demander la confirmation ou la r\u00e9p\u00e9tition de son envoi sous une autre forme \u00bb<\/em><\/p>\n\n\n\n<p><em>La CNIL, lors de sa d\u00e9lib\u00e9ration n\u00b0 2016-111 du 21 avril 2016 \u00e0 propos de ce d\u00e9cret a soulign\u00e9 le \u00ab caract\u00e8re facultatif \u00bb de ces saisines par voie \u00e9lectronique et la n\u00e9cessit\u00e9 que cette facult\u00e9 soit \u00ab clairement indiqu\u00e9e aux internautes, d\u00e8s la page d\u2019accueil du dispositif de m\u00eame que les modalit\u00e9s pratiques permettant d\u2019effectuer une d\u00e9marche analogue sans recourir cette saisine \u00bb<\/em><\/p>\n\n\n\n<p>Des actions mises en place telles que&nbsp;<a href=\"https:\/\/www.maisondeservicesaupublic.fr\/\" target=\"_blank\" rel=\"noreferrer noopener\"><strong>Maison du Service Public<\/strong><\/a>&nbsp;tendent \u00e0 \u00e9viter les probl\u00e8mes d&rsquo;accessibilit\u00e9 aux services publics en mettant en place des espaces o\u00f9 des agents peuvent aider les usagers \u00e0 faire leurs d\u00e9marches qui apparement restent tr\u00e8s sommaires et souvent d\u00e9pourvues d&rsquo;accompagnants qui devraient faciliter les \u00e9changes. On y trouve tr\u00e8s souvent que des ordinateurs et imprimantes sans aide.<\/p>\n\n\n\n<p>Le site&nbsp;<a href=\"https:\/\/solidarite-numerique.fr\/\" target=\"_blank\" rel=\"noreferrer noopener\"><strong>Solidarit\u00e9 Num\u00e9rique<\/strong><\/a>&nbsp;est un service qui permet de se faire aider dans ses d\u00e9marches administratives.<\/p>\n\n\n\n<p><strong>La d\u00e9mat\u00e9rialisation est bien entendu un point positif mais elle doit \u00eatre simplifi\u00e9e, aid\u00e9e et continue.<\/strong><\/p>\n\n\n\n<h3 class=\"wp-block-heading\">La situation sanitaire<\/h3>\n\n\n\n<p>La situation sanitaire actuelle incitant \u00e0 faire de plus en plus de d\u00e9marches d\u00e9mat\u00e9rialis\u00e9es contribue \u00e0&nbsp;<strong>accentuer les difficult\u00e9s avec les services num\u00e9riques<\/strong>&nbsp;(d\u00e9crochage scolaire, arr\u00eat maladie, consultation en ligne de m\u00e9decins, ch\u00f4mage partiel&#8230;).<\/p>\n\n\n\n<h2 class=\"wp-block-heading\">Quelles sont les difficult\u00e9s rencontr\u00e9es ?<\/h2>\n\n\n\n<h3 class=\"wp-block-heading\">L&rsquo;acc\u00e8s aux droits<\/h3>\n\n\n\n<p>Certaines personnes se trouvent priv\u00e9es de leurs droits parce qu&rsquo;elles n&rsquo;arrivent pas \u00e0 faire les d\u00e9marches en lignes, transmettre les documents&#8230;<\/p>\n\n\n\n<p>Par exemple en point positif : Le coffre fort num\u00e9rique permet aux personnes en grande pr\u00e9carit\u00e9 de stocker leurs documents importants (vols, perte&#8230;) et ainsi faciliter l&rsquo;acc\u00e8s aux d\u00e9marches num\u00e9riques.<\/p>\n\n\n\n<h3 class=\"wp-block-heading\">L&rsquo;\u00e9quipement num\u00e9rique<\/h3>\n\n\n\n<p><strong>24% des Fran\u00e7ais n\u2019ont pas d\u2019ordinateur<\/strong>&nbsp;\u00e0 domicile et&nbsp;<strong>23% d\u2019entre eux n\u2019ont pas de smartphone.&nbsp;<\/strong>(<a href=\"https:\/\/www.arcep.fr\/uploads\/tx_gspublication\/rapport-barometre-num-2019.pdf\" target=\"_blank\" rel=\"noreferrer noopener\">Barom\u00e8tre num\u00e9rique ARCEP\/CREDOC 2019<\/a>)<\/p>\n\n\n\n<p>C&rsquo;est aussi s&rsquo;\u00e9quiper en imprimante et cartouches, parce qui oui on d\u00e9mat\u00e9rialise, mais on nous demande encore de renvoyer des papiers sign\u00e9s&#8230; En cam\u00e9ra, enceintes, c\u00e2bles, comprendre le wifi, r\u00e9ussir \u00e0 se connecter, lancer les bonnes configurations&#8230;<\/p>\n\n\n\n<p>Mon exemple r\u00e9cent, c&rsquo;est lors du premier confinement. Ici nous avions deux ordinateurs \u00e0 la maison mais nous travaillions \u00e0 distance. Sans 3\u00e8me ordinateur, nous avons d\u00fb nous arranger pour laisser un ordinateur \u00e0 notre fils pour suivre ses cours, mais au d\u00e9triment de notre travail. Et nous ne sommes pourtant pas dans les profils des statistiques de l&rsquo;illectronisme.<\/p>\n\n\n\n<p>\u00ab\u00a0Le wifi c&rsquo;est quoi ?\u00a0\u00bb disait une dame lors de l&rsquo;\u00e9mission de France Culture.<\/p>\n\n\n\n<h3 class=\"wp-block-heading\">L&rsquo;acc\u00e8s \u00e0 Internet<\/h3>\n\n\n\n<p>Dans une&nbsp;<a href=\"https:\/\/www.quechoisir.org\/action-ufc-que-choisir-transition-vers-le-tres-haut-debit-l-inadmissible-amplificateur-de-la-fracture-numerique-n46732\/\" target=\"_blank\" rel=\"noreferrer noopener\">\u00e9tude dat\u00e9e du mois de septembre 2017<\/a>,&nbsp;<strong>0,7% des Fran\u00e7ais n\u2019ont pas acc\u00e8s \u00e0 une offre internet fixe<\/strong>. C&rsquo;est en r\u00e9alit\u00e9&nbsp;<strong>pr\u00e8s de 500 000&nbsp;<\/strong>personnes qui n&rsquo;acc\u00e8dent pas \u00e0 Internet de chez eux. Plus de 500 communes en zone blanche.<\/p>\n\n\n\n<p>Simple exemple personnel, je suis \u00e0 20 kilom\u00e8tres de Nantes et mon r\u00e9seau est r\u00e9guli\u00e8rement instable, entre le d\u00e9bit qui ne suit pas et les op\u00e9rateurs qui refusent de fournir une Box 4G, on se heurte \u00e0 des bloquages quotidiens et usants.<\/p>\n\n\n\n<p>Zones blanches : Une&nbsp;<strong>zone blanche<\/strong>&nbsp;est une zone d\u00e9pourvue de&nbsp;r\u00e9seaux de t\u00e9l\u00e9phonie mobile, il est impossible d\u2019\u00e9mettre ou de recevoir des appels, ou encore de partager des donn\u00e9es ou de se connecter \u00e0 internet, quelque soit son op\u00e9rateur mobile.<\/p>\n\n\n\n<p>Zones grises : Une zone grise est une zone qui est couverte par au moins un&nbsp;<strong>op\u00e9rateur mobile<\/strong>.<\/p>\n\n\n\n<p>En 2019, on est encore loin du compte que le mentionne&nbsp;<a href=\"https:\/\/www.quechoisir.org\/decryptage-debit-internet-on-est-loin-du-compte-n65015\/\" target=\"_blank\" rel=\"noreferrer noopener\">UFC Que Choisir<\/a>.<\/p>\n\n\n\n<h3 class=\"wp-block-heading\"><strong>Les probl\u00e8mes li\u00e9s aux paiements en ligne<\/strong><\/h3>\n\n\n\n<p>Paiement par virement bancaire, pr\u00e9l\u00e8vement bancaire ou paiement en ligne n\u00e9cessitent un compte bancaire.&nbsp;En oubliant que&nbsp;<a href=\"https:\/\/www.vie-publique.fr\/sites\/default\/files\/rapport\/pdf\/184000378.pdf\" target=\"_blank\" rel=\"noreferrer noopener\"><strong>500&nbsp;000 personnes<\/strong><\/a>&nbsp;n\u2019ont pas de compte bancaire, on met ces usagers dans des situations bloquantes.<\/p>\n\n\n\n<p><em>De ce fait, sachez que l\u2019obligation d\u2019avoir un compte bancaire pour le versement des prestations venant d&rsquo;organismes sociaux est ill\u00e9gale. (D\u00e9cision de la cour de cassation du 21 juin 2018)<\/em><\/p>\n\n\n\n<p>L\u2019existence d\u2019une autre modalit\u00e9 de paiement que celles li\u00e9es \u00e0 la possession d\u2019un compte bancaire devrait \u00eatre propos\u00e9e.<\/p>\n\n\n\n<h3 class=\"wp-block-heading\">Des sites Internet mal con\u00e7us<\/h3>\n\n\n\n<p>On rencontre encore&nbsp;<strong>de nombreux dysfonctionnements techniques<\/strong>&nbsp;dans les sites qu&rsquo;on utilise plus ou moins r\u00e9guli\u00e8rement : le flux des demandes qui bloque ou ralentit les acc\u00e8s, l\u2019absence de m\u00e9canisme efficace de correction et pr\u00e9vention des erreurs techniques et fonctionnelles, les pannes informatiques&#8230;<\/p>\n\n\n\n<p>Il existe encore trop de sites Internet qui ne respectent pas<strong>&nbsp;les r\u00e8gles d&rsquo;ergonomie et d&rsquo;accessibilit\u00e9<\/strong>.<\/p>\n\n\n\n<p>La direction interminist\u00e9rielle du num\u00e9rique et du syst\u00e8me d\u2019information et de communication de l\u2019\u00c9tat (DINSIC) a mis en place&nbsp;<strong>10 principes d&rsquo;une d\u00e9marche en ligne exemplaire<\/strong>&nbsp;que vous pouvez&nbsp;<a href=\"https:\/\/www.modernisation.gouv.fr\/sites\/default\/files\/10_principes_demarches-en-ligne.pdf\" target=\"_blank\" rel=\"noreferrer noopener\">retrouver ici<\/a>&nbsp;que le Service Public devrait respecter dans la conception de ses services num\u00e9riques.<\/p>\n\n\n\n<p><strong>Pour ne citer que les titres : Une d\u00e9marche en ligne exemplaire<\/strong><\/p>\n\n\n\n<p>&#8230; est&nbsp;<strong>facile \u00e0 trouver, simple&nbsp;<\/strong>et&nbsp;<strong>fluide<\/strong><\/p>\n\n\n\n<p>&#8230; utilise un&nbsp;<strong>langage clair et pr\u00e9cis<\/strong><\/p>\n\n\n\n<p>&#8230;&nbsp;<strong>est officielle<\/strong>&nbsp;et \u00e7a se voit<\/p>\n\n\n\n<p>&#8230;&nbsp;<strong>accompagne l\u2019usager<\/strong><\/p>\n\n\n\n<p>&#8230; respecte les&nbsp;<strong>r\u00e8gles de l\u2019art<\/strong><\/p>\n\n\n\n<p>&#8230; ne demande pas d\u2019<strong>informations d\u00e9j\u00e0 connues&nbsp;<\/strong>de l\u2019administration<\/p>\n\n\n\n<p>&#8230; fait&nbsp;<strong>\u0153uvre de transparence<\/strong><\/p>\n\n\n\n<p>&#8230; a un&nbsp;<strong>pilote \u00e0 bord<\/strong>, qui conna\u00eet&nbsp;<strong>les besoins des usagers<\/strong><\/p>\n\n\n\n<p>&#8230; permet&nbsp;<strong>un traitement et un suivi 100% num\u00e9riques<\/strong><\/p>\n\n\n\n<p>&#8230; s\u2019<strong>am\u00e9liore en continu<\/strong><\/p>\n\n\n\n<p>Certains crit\u00e8res rejoignent&nbsp;<strong>les heuristiques de Nielsen ou Bastien et Scapin<\/strong>, que les ergonomes et designers connaissent bien.<\/p>\n\n\n\n<h2 class=\"wp-block-heading\">Comment optimiser ses services en ligne<\/h2>\n\n\n\n<h3 class=\"wp-block-heading\"><strong>L&rsquo;ergonomie de l&rsquo;interaction homme-syst\u00e8me<\/strong><\/h3>\n\n\n\n<p>C&rsquo;est un document qui sp\u00e9cifie des exigences et des recommandations relatives aux principes et aux activit\u00e9s de conception centr\u00e9e sur l&rsquo;op\u00e9rateur humain dans le contexte d&rsquo;IHM. (interfaces homme-machine) : Conception centr\u00e9e sur l&rsquo;op\u00e9rateur humain pour les syst\u00e8mes interactifs :&nbsp;<a href=\"https:\/\/www.iso.org\/fr\/standard\/77520.html\" target=\"_blank\" rel=\"noreferrer noopener\">ISO 9241-210:2019<\/a>.<\/p>\n\n\n\n<p><strong>Quelques exemples de sujets abord\u00e9s de ce qu&rsquo;on trouve dans les normes d&rsquo;ergonomie :<\/strong><\/p>\n\n\n\n<p><strong>Partie 112 :&nbsp;<\/strong>Principes pour la pr\u00e9sentation des informationsPartie 125: Conseils sur la pr\u00e9sentation visuelle des informations<\/p>\n\n\n\n<p><strong>Partie 161 :&nbsp;<\/strong>Conseils sur les \u00e9l\u00e9ments d&rsquo;interface utilisateur visuelle<\/p>\n\n\n\n<p><strong>Partie 171 :&nbsp;<\/strong>Conseils sur l&rsquo;accessibilit\u00e9 des logiciels<\/p>\n\n\n\n<p>Pour en lire plus&nbsp;<a href=\"https:\/\/fr.qaz.wiki\/wiki\/ISO_9241\" target=\"_blank\" rel=\"noreferrer noopener\">ici<\/a>&nbsp;et&nbsp;<a href=\"https:\/\/www.iso.org\/obp\/ui\/#iso:std:63462:fr\" target=\"_blank\" rel=\"noreferrer noopener\">l\u00e0<\/a>.<\/p>\n\n\n\n<h3 class=\"wp-block-heading\"><strong>Le r\u00e9f\u00e9rentiel g\u00e9n\u00e9ral d&rsquo;am\u00e9lioration de l&rsquo;accessibilit\u00e9 \u2013 RGAA Version 4.1<\/strong><\/h3>\n\n\n\n<p>Edit\u00e9 par la DINU, il permet de faciliter la mise en \u0153uvre de&nbsp;<strong>l\u2019accessibilit\u00e9 num\u00e9rique.&nbsp;<\/strong>(Mentionn\u00e9 plus haut).<\/p>\n\n\n\n<h3 class=\"wp-block-heading\">Par des recommandations<\/h3>\n\n\n\n<p>Dans le rapport de D\u00e9mat\u00e9rialisation et in\u00e9galit\u00e9s d\u2019acc\u00e8s aux services publics, le D\u00e9fenseur des droits recommande :<\/p>\n\n\n\n<p>\u2022 L\u2019instauration, pour chaque d\u00e9marche administrative d\u00e9mat\u00e9rialis\u00e9e, d\u2019une proc\u00e9dure permettant \u00e0 l\u2019usager de&nbsp;<strong>signaler une difficult\u00e9 \u00e0 effectuer la d\u00e9marche<\/strong>&nbsp;et ce par tous moyens utiles.<\/p>\n\n\n\n<p>\u2022 La&nbsp;<strong>d\u00e9livrance d\u2019un accus\u00e9 de connexion nominatif<\/strong>&nbsp;et dat\u00e9 \u00e0 chaque connexion d\u2019un usager \u00e0 un service en ligne, cet accus\u00e9 devant ensuite, e<strong>n cas d\u2019\u00e9chec de la d\u00e9marche<\/strong>, pouvoir \u00eatre produit \u00e0 titre de preuve dans le cadre d\u2019un recours administratif ou contentieux.<\/p>\n\n\n\n<p>\u2022 La&nbsp;<strong>cr\u00e9ation d\u2019une clause de protection des usagers<\/strong>&nbsp;en cas de probl\u00e8me technique leur permettant de ne pas \u00eatre consid\u00e9r\u00e9s comme responsables du non-aboutissement de la d\u00e9marche.<\/p>\n\n\n\n<figure class=\"wp-block-image size-large\"><img loading=\"lazy\" decoding=\"async\" width=\"757\" height=\"486\" src=\"https:\/\/www.cherryfizz.fr\/blog\/wp-content\/uploads\/2021\/05\/Capture-de\u0301cran-2021-05-06-a\u0300-17.58.28.png\" alt=\"\" class=\"wp-image-694\" srcset=\"https:\/\/www.cherryfizz.fr\/blog\/wp-content\/uploads\/2021\/05\/Capture-de\u0301cran-2021-05-06-a\u0300-17.58.28.png 757w, https:\/\/www.cherryfizz.fr\/blog\/wp-content\/uploads\/2021\/05\/Capture-de\u0301cran-2021-05-06-a\u0300-17.58.28-300x193.png 300w, https:\/\/www.cherryfizz.fr\/blog\/wp-content\/uploads\/2021\/05\/Capture-de\u0301cran-2021-05-06-a\u0300-17.58.28-600x385.png 600w\" sizes=\"auto, (max-width: 757px) 100vw, 757px\" \/><\/figure>\n\n\n\n<p><a href=\"https:\/\/www.modernisation.gouv.fr\/home\/tableau-de-bord-des-services-publics-numeriques-edition-2017\" target=\"_blank\" rel=\"noreferrer noopener\">Source<\/a><\/p>\n\n\n\n<h3 class=\"wp-block-heading\">Les tests utilisateurs<\/h3>\n\n\n\n<p>la DINSICE appuie l\u2019importance d\u2019avoir&nbsp;<strong>des tests utilisateurs repr\u00e9sentatifs de l\u2019ensemble des profils d&rsquo;internautes<\/strong>&nbsp;qui puissent exister en amont de la d\u00e9mat\u00e9rialisation d\u2019une d\u00e9marche.<\/p>\n\n\n\n<p>Des&nbsp;<strong>enqu\u00eates de satisfaction<\/strong>&nbsp;doivent \u00e9galement \u00eatre faites r\u00e9guli\u00e8rement aupr\u00e8s du public. Ces tests doivent \u00e9galement se poursuivre apr\u00e8s la mise en ligne afin d\u2019<strong>am\u00e9liorer le service<\/strong>.<\/p>\n\n\n\n<p>C&rsquo;est exactement ce que nous proposons en tant que Designer UX. Ces d\u00e9marches valoris\u00e9es par le Service Public sont toutes aussi bonnes pour les entreprises priv\u00e9es.<\/p>\n\n\n\n<h2 class=\"wp-block-heading\">Comment g\u00e9rer cela dans vos outils ?<\/h2>\n\n\n\n<ul class=\"wp-block-list\"><li><strong>Mieux organiser le contenu de vos sites et pages :&nbsp;<\/strong>Trouver une information rapidement, ne pas se perdre dans une surcharge visuelle, structurer vos menus.<\/li><li><strong>Penser son site simplement et selon les usages courants :&nbsp;<\/strong>Vouloir faire trop orignal risque de perdre votre internaute. Chaque site dispose de ses fonctionnalit\u00e9s, de ses interactions, cela demande \u00e0 chacun de comprendre son fonctionnement avant de pouvoir s&rsquo;en servir. Si on utilise un site ou une app souvent, alors on se rem\u00e9more et on retient par habitude. Au contraire, si on utilise un site une seule fois ou m\u00eame tr\u00e8s ponctuellement, on oublie comment on a d\u00e9j\u00e0 accompli nos pr\u00e9c\u00e9dentes t\u00e2ches.<\/li><li><strong>Rassurer les internautes sur le s\u00e9rieux de votre entreprise :&nbsp;<\/strong>Face \u00e0 la multitude de sites peu honn\u00eates il est facile de se faire avoir si on est pas habitu\u00e9s des sites e-commerces.<\/li><li><strong>Utiliser le bon vocabulaire :&nbsp;<\/strong>L&rsquo;utilisation des mauvais mots \/ termes risque de nous embrouiller : trop techniques, mal choisis&#8230; Guidez vos utilisateurs et pr\u00e9venez des erreurs. Si vous savez que telle ou telle action peut g\u00e9n\u00e9rer un blocage, alors anticipez ! Par exemple lors de la cr\u00e9ation de mots de passe.<\/li><\/ul>\n\n\n\n<figure class=\"wp-block-image size-large\"><img loading=\"lazy\" decoding=\"async\" width=\"746\" height=\"341\" src=\"https:\/\/www.cherryfizz.fr\/blog\/wp-content\/uploads\/2021\/05\/Capture-de\u0301cran-2021-05-06-a\u0300-17.59.08.png\" alt=\"\" class=\"wp-image-695\" srcset=\"https:\/\/www.cherryfizz.fr\/blog\/wp-content\/uploads\/2021\/05\/Capture-de\u0301cran-2021-05-06-a\u0300-17.59.08.png 746w, https:\/\/www.cherryfizz.fr\/blog\/wp-content\/uploads\/2021\/05\/Capture-de\u0301cran-2021-05-06-a\u0300-17.59.08-300x137.png 300w, https:\/\/www.cherryfizz.fr\/blog\/wp-content\/uploads\/2021\/05\/Capture-de\u0301cran-2021-05-06-a\u0300-17.59.08-600x274.png 600w\" sizes=\"auto, (max-width: 746px) 100vw, 746px\" \/><\/figure>\n\n\n\n<ul class=\"wp-block-list\"><li><strong>Accompagner, guider, pouvoir contacter :&nbsp;<\/strong>Bloqu\u00e9 dans une action ? Pas d&rsquo;aide, pas de guide. On aimerait contacter quelqu&rsquo;un mais impossible de trouver un mail, un num\u00e9ro de t\u00e9l\u00e9phone. C&rsquo;est beaucoup plus souvent qu&rsquo;on ne le pense et cela n&rsquo;incite pas \u00e0 rester sur le site.<\/li><li><strong>Des sites trop lourds, trop lents :&nbsp;<\/strong>Connaissant les probl\u00e8mes d&rsquo;acc\u00e8s \u00e0 Internet de certains internautes, le temps de chargement des sites doit \u00eatre optimis\u00e9.<\/li><li><strong>Accessibilit\u00e9 :&nbsp;<\/strong>Couleurs, tailles, description des images&#8230; il est finalement assez simple d&rsquo;inclure une majorit\u00e9 d&rsquo;utilisateurs en prenant connaissance de quelques bases d&rsquo;accessibilit\u00e9.<\/li><li><strong>Adaptez vos sites aux smartphone :&nbsp;<\/strong>Cela peut para\u00eetre bizarre de dire \u00e7a, mais on croise souvent des sites qui n&rsquo;ont pas \u00e9t\u00e9 optimis\u00e9s pour des affichage sur mobiles.<\/li><\/ul>\n\n\n\n<p>Il est capital de&nbsp;<strong>prendre ses responsabilit\u00e9s<\/strong>&nbsp;vis \u00e0 vis des services et outils que l&rsquo;on propose afin que tout le monde puisse acc\u00e9der aux services n\u00e9cessaires \u00e0 l&rsquo;<strong>accomplissement de leur t\u00e2ches.<\/strong><\/p>\n\n\n\n<h2 class=\"wp-block-heading\"><strong>Pour en lire plus (au cas o\u00f9 il n&rsquo;y en avait pas assez &#x1f605;)<\/strong><\/h2>\n\n\n\n<p><a href=\"https:\/\/www.csa.eu\/fr\/survey\/l-illectronisme-en-france\" target=\"_blank\" rel=\"noreferrer noopener\">L&rsquo;illectronisme en France<\/a><\/p>\n\n\n\n<p><a href=\"https:\/\/www.defenseurdesdroits.fr\/sites\/default\/files\/atoms\/files\/rapport-dematerialisation_num-accessible-03.04.19.pdf\" target=\"_blank\" rel=\"noreferrer noopener\">La Rapport sur la d\u00e9mat\u00e9rialisation et in\u00e9galit\u00e9s d&rsquo;acc\u00e8s aux Services Publics<\/a><\/p>\n\n\n\n<p><a href=\"https:\/\/www.cohesion-territoires.gouv.fr\/inclusion-numerique-favoriser-lapprentissage-du-numerique-et-developper-les-usages\" target=\"_blank\" rel=\"noreferrer noopener\">Inclusion num\u00e9rique du Minist\u00e8re<\/a><\/p>\n\n\n\n<p><a href=\"https:\/\/www.franceculture.fr\/numerique\/la-fracture-numerique-nepargne-pas-les-jeunes\" target=\"_blank\" rel=\"noreferrer noopener\">Lire l&rsquo;article<\/a>&nbsp;: La fracture num\u00e9rique n&rsquo;\u00e9pargne pas les jeunes<\/p>\n\n\n\n<p><a href=\"https:\/\/www.defenseurdesdroits.fr\/sites\/default\/files\/atoms\/files\/enquete-relations-usagers-servpublics-v6-29.03.17.pdf\" target=\"_blank\" rel=\"noreferrer noopener\">Retrouvez ici l&rsquo;enqu\u00eate<\/a>&nbsp;sur les acc\u00e8s aux droits.<\/p>\n\n\n\n<p>Voici une&nbsp;<a href=\"https:\/\/www.quechoisir.org\/decryptage-debit-internet-on-est-loin-du-compte-n65015\/\" target=\"_blank\" rel=\"noreferrer noopener\">\u00e9tude plus r\u00e9cente ici<\/a>&nbsp;sur les d\u00e9bits des fournisseurs d&rsquo;acc\u00e8s.<\/p>\n","protected":false},"excerpt":{"rendered":"<p>L&rsquo;illectronisme c&rsquo;est l&rsquo;illettrisme num\u00e9rique pour&nbsp;17% de fran\u00e7ais soit 14 millions d&rsquo;individus. Ce terme est donc \u00e0 inclure dans l&rsquo;accessibilit\u00e9 num\u00e9rique. On pense \u00e0 tort, que l&rsquo;accessibilit\u00e9 ne concerne que des handicaps visibles, or ce sont eux bien s\u00fbr, mais aussi les personnes qui souffrent d&rsquo;un manque d&rsquo;acc\u00e8s \u00e0 Internet, d&rsquo;un<\/p>\n","protected":false},"author":1,"featured_media":668,"comment_status":"closed","ping_status":"closed","sticky":false,"template":"","format":"standard","meta":{"_jetpack_newsletter_access":"","_jetpack_dont_email_post_to_subs":false,"_jetpack_newsletter_tier_id":0,"_jetpack_memberships_contains_paywalled_content":false,"_jetpack_memberships_contains_paid_content":false,"footnotes":""},"categories":[12],"tags":[],"class_list":["post-667","post","type-post","status-publish","format-standard","has-post-thumbnail","hentry","category-design-ux"],"views":7653,"jetpack_featured_media_url":"https:\/\/www.cherryfizz.fr\/blog\/wp-content\/uploads\/2021\/02\/1613671407053.jpeg","jetpack_sharing_enabled":true,"_links":{"self":[{"href":"https:\/\/www.cherryfizz.fr\/blog\/wp-json\/wp\/v2\/posts\/667","targetHints":{"allow":["GET"]}}],"collection":[{"href":"https:\/\/www.cherryfizz.fr\/blog\/wp-json\/wp\/v2\/posts"}],"about":[{"href":"https:\/\/www.cherryfizz.fr\/blog\/wp-json\/wp\/v2\/types\/post"}],"author":[{"embeddable":true,"href":"https:\/\/www.cherryfizz.fr\/blog\/wp-json\/wp\/v2\/users\/1"}],"replies":[{"embeddable":true,"href":"https:\/\/www.cherryfizz.fr\/blog\/wp-json\/wp\/v2\/comments?post=667"}],"version-history":[{"count":2,"href":"https:\/\/www.cherryfizz.fr\/blog\/wp-json\/wp\/v2\/posts\/667\/revisions"}],"predecessor-version":[{"id":696,"href":"https:\/\/www.cherryfizz.fr\/blog\/wp-json\/wp\/v2\/posts\/667\/revisions\/696"}],"wp:featuredmedia":[{"embeddable":true,"href":"https:\/\/www.cherryfizz.fr\/blog\/wp-json\/wp\/v2\/media\/668"}],"wp:attachment":[{"href":"https:\/\/www.cherryfizz.fr\/blog\/wp-json\/wp\/v2\/media?parent=667"}],"wp:term":[{"taxonomy":"category","embeddable":true,"href":"https:\/\/www.cherryfizz.fr\/blog\/wp-json\/wp\/v2\/categories?post=667"},{"taxonomy":"post_tag","embeddable":true,"href":"https:\/\/www.cherryfizz.fr\/blog\/wp-json\/wp\/v2\/tags?post=667"}],"curies":[{"name":"wp","href":"https:\/\/api.w.org\/{rel}","templated":true}]}}