{"id":664,"date":"2021-02-19T09:30:01","date_gmt":"2021-02-19T08:30:01","guid":{"rendered":"http:\/\/www.cherryfizz.fr\/blog\/?p=664"},"modified":"2021-05-06T17:52:07","modified_gmt":"2021-05-06T15:52:07","slug":"mes-secrets-pour-trouver-du-travail-ux","status":"publish","type":"post","link":"https:\/\/www.cherryfizz.fr\/blog\/mes-secrets-pour-trouver-du-travail-ux\/","title":{"rendered":"Mes secrets pour trouver du travail dans l&rsquo;UX ! (freelance ou salari\u00e9)"},"content":{"rendered":"\n<p>Pourquoi cet article qui incite au clic vous me direz ? On est jeudi matin et depuis lundi j&rsquo;ai re\u00e7u 4 demandes en message de personnes qui souhaitent \u00e9changer avec moi sur des conseils soit en freelance, soit sur la recherche d&#8217;emploi dans les m\u00e9tiers du Design UX, soit encore sur la r\u00e9alit\u00e9 du m\u00e9tier d&rsquo;UX Designer dans ma r\u00e9gion ou en France.<\/p>\n\n\n\n<p>J&rsquo;ai toujours pris du temps pour \u00e9changer sur mon m\u00e9tier, je l&rsquo;aime passionn\u00e9ment, et j&rsquo;y consacre vraiment beaucoup d&rsquo;\u00e9nergie. Voil\u00e0 d\u00e9j\u00e0 une des premi\u00e8res choses importantes \u00e0 retenir.<\/p>\n\n\n\n<p>Pas que je ne souhaite pas \u00e9changer avec vous tous, mais au rythme des demandes, je perds mon rythme de travail et j&rsquo;ai donc pens\u00e9 \u00e0 faire cet article, que je pourrai doubler d&rsquo;une vid\u00e9o pourquoi pas.<\/p>\n\n\n\n<h2 class=\"wp-block-heading\">Le m\u00e9tier d&rsquo;UX Designer<\/h2>\n\n\n\n<p>Parce que c&rsquo;est plus \u00e7a mon m\u00e9tier. Les m\u00e9tiers autour de l&rsquo;UX tendent \u00e0 se sp\u00e9cialiser, UX Researcher, UX Writer, UI Designer, Lead UX, UX Architecte, et de plus en plus de m\u00e9tier mais aussi de fa\u00e7on de les nommer, au final beaucoup ne comprennent plus rien et les plupart des offres d&#8217;emploi dans le domaine de l&rsquo;exp\u00e9rience utilisateur le prouve largement !<\/p>\n\n\n\n<p>Et \u00e7a c&rsquo;est une probl\u00e9matique qui se pr\u00e9cise, beaucoup de monde ne comprend pas grand chose au terme UX. Parce que dans le fond ce n&rsquo;est pas une m\u00e9thode, ni un m\u00e9tier. M\u00eame les r\u00e9f\u00e9rents conc\u00e8dent qu&rsquo;il est difficile de donner une d\u00e9finition arr\u00eat\u00e9e.<\/p>\n\n\n\n<p>Les sp\u00e9cialisations des m\u00e9tiers de l&rsquo;UX se font apr\u00e8s des \u00e9tudes de base, telle que le psychologie, les \u00e9coles de Design (et encore tout le monde n&rsquo;est pas d&rsquo;accord)&#8230; Le mieux c&rsquo;est de lire l&rsquo;article de Benoit Drouillat, m\u00eame si cela date de 2018 c&rsquo;est toujours une tr\u00e8s bonne base :&nbsp;<a href=\"https:\/\/medium.com\/designers-interactifs\/un-guide-pour-devenir-ux-designer-ff560fee6d41\" target=\"_blank\" rel=\"noreferrer noopener\">Un guide pour devenir UX Designer<\/a>.<\/p>\n\n\n\n<h2 class=\"wp-block-heading\">Je travaille beaucoup et je veille TOUS LES JOURS, m\u00eame le week-end oui !<\/h2>\n\n\n\n<p>Quand je suis passionn\u00e9e par un sujet, je vais m&rsquo;enivrer de celui-ci, l&rsquo;avantage, \u00e7a donne beaucoup moins mal \u00e0 la t\u00eate que le vin et c&rsquo;est plus valorisant. J&rsquo;apprends, le lis des livres, des blogs, des articles sur LinkedIn de profils inspirants&#8230;<\/p>\n\n\n\n<h3 class=\"wp-block-heading\">Les blogs<\/h3>\n\n\n\n<p><a href=\"https:\/\/medium.com\/topic\/ux\" target=\"_blank\" rel=\"noreferrer noopener\">Medium<\/a>&nbsp;et&nbsp;<a href=\"https:\/\/medium.com\/designers-interactifs\" target=\"_blank\" rel=\"noreferrer noopener\">Designers Interactifs<\/a><\/p>\n\n\n\n<p><a href=\"https:\/\/blocnotes.iergo.fr\/\" target=\"_blank\" rel=\"noreferrer noopener\">Le bloc-notes, UX &amp; Design d&rsquo;exp\u00e9rience utilisateur<\/a><\/p>\n\n\n\n<p><a href=\"https:\/\/www.lunaweb.fr\/blog\/\" target=\"_blank\" rel=\"noreferrer noopener\">Lunaweb<\/a><\/p>\n\n\n\n<p><a href=\"https:\/\/www.usabilis.com\/blog\/\" target=\"_blank\" rel=\"noreferrer noopener\">Usabilis<\/a><\/p>\n\n\n\n<p><a href=\"https:\/\/www.ux-republic.com\/blog\/\" target=\"_blank\" rel=\"noreferrer noopener\">UX Republic<\/a><\/p>\n\n\n\n<p><a href=\"https:\/\/lebackyard.fr\/en\/actualites\/\" target=\"_blank\" rel=\"noreferrer noopener\">Le Backyard<\/a><\/p>\n\n\n\n<p><a href=\"https:\/\/www.lelaptop.com\/blog\/\" target=\"_blank\" rel=\"noreferrer noopener\">Le Laptop<\/a><\/p>\n\n\n\n<p><a href=\"https:\/\/www.arquen.fr\/blog\/\" target=\"_blank\" rel=\"noreferrer noopener\">Arquen<\/a><\/p>\n\n\n\n<p>Et beaucoup d&rsquo;autres !<\/p>\n\n\n\n<h3 class=\"wp-block-heading\">Les livres<\/h3>\n\n\n\n<p>Le Design Thinking par la pratique de Florence Mathieu \/ V\u00e9ronique Hillen<\/p>\n\n\n\n<figure class=\"wp-block-image size-large\"><img loading=\"lazy\" decoding=\"async\" width=\"577\" height=\"456\" src=\"https:\/\/www.cherryfizz.fr\/blog\/wp-content\/uploads\/2021\/05\/Capture-de\u0301cran-2021-05-06-a\u0300-17.42.36.png\" alt=\"\" class=\"wp-image-674\" srcset=\"https:\/\/www.cherryfizz.fr\/blog\/wp-content\/uploads\/2021\/05\/Capture-de\u0301cran-2021-05-06-a\u0300-17.42.36.png 577w, https:\/\/www.cherryfizz.fr\/blog\/wp-content\/uploads\/2021\/05\/Capture-de\u0301cran-2021-05-06-a\u0300-17.42.36-300x237.png 300w\" sizes=\"auto, (max-width: 577px) 100vw, 577px\" \/><\/figure>\n\n\n\n<p>Value Proposition Design par Alex Osterwalder \/ Yves Pigneur \/ Greg Bernada \/ Alan Smith<\/p>\n\n\n\n<figure class=\"wp-block-image size-large\"><img loading=\"lazy\" decoding=\"async\" width=\"568\" height=\"448\" src=\"https:\/\/www.cherryfizz.fr\/blog\/wp-content\/uploads\/2021\/05\/Capture-de\u0301cran-2021-05-06-a\u0300-17.43.16.png\" alt=\"\" class=\"wp-image-676\" srcset=\"https:\/\/www.cherryfizz.fr\/blog\/wp-content\/uploads\/2021\/05\/Capture-de\u0301cran-2021-05-06-a\u0300-17.43.16.png 568w, https:\/\/www.cherryfizz.fr\/blog\/wp-content\/uploads\/2021\/05\/Capture-de\u0301cran-2021-05-06-a\u0300-17.43.16-300x237.png 300w\" sizes=\"auto, (max-width: 568px) 100vw, 568px\" \/><\/figure>\n\n\n\n<p>Petit Trait\u00e9 de manipulation de Robert-Vincent Joule \/ Jean-L\u00e9on Beauvois<\/p>\n\n\n\n<figure class=\"wp-block-image size-large\"><img loading=\"lazy\" decoding=\"async\" width=\"225\" height=\"345\" src=\"https:\/\/www.cherryfizz.fr\/blog\/wp-content\/uploads\/2021\/05\/Capture-de\u0301cran-2021-05-06-a\u0300-17.43.56.png\" alt=\"\" class=\"wp-image-677\" srcset=\"https:\/\/www.cherryfizz.fr\/blog\/wp-content\/uploads\/2021\/05\/Capture-de\u0301cran-2021-05-06-a\u0300-17.43.56.png 225w, https:\/\/www.cherryfizz.fr\/blog\/wp-content\/uploads\/2021\/05\/Capture-de\u0301cran-2021-05-06-a\u0300-17.43.56-196x300.png 196w\" sizes=\"auto, (max-width: 225px) 100vw, 225px\" \/><\/figure>\n\n\n\n<p>L&rsquo;esprit Design par Tim Brown \/ Barry Katz<\/p>\n\n\n\n<figure class=\"wp-block-image size-large is-resized\"><img decoding=\"async\" src=\"https:\/\/www.cherryfizz.fr\/blog\/wp-content\/uploads\/2021\/05\/Capture-de\u0301cran-2021-05-06-a\u0300-17.44.33.png\" alt=\"\" class=\"wp-image-678\" height=\"500\" srcset=\"https:\/\/www.cherryfizz.fr\/blog\/wp-content\/uploads\/2021\/05\/Capture-de\u0301cran-2021-05-06-a\u0300-17.44.33.png 571w, https:\/\/www.cherryfizz.fr\/blog\/wp-content\/uploads\/2021\/05\/Capture-de\u0301cran-2021-05-06-a\u0300-17.44.33-200x300.png 200w\" sizes=\"(max-width: 571px) 100vw, 571px\" \/><\/figure>\n\n\n\n<p>33 bonnes pratiques en UX Design \/ Les fondamentaux de la psychologie num\u00e9rique par Liv Danton Lefebvre<\/p>\n\n\n\n<figure class=\"wp-block-image size-large\"><img loading=\"lazy\" decoding=\"async\" width=\"409\" height=\"499\" src=\"https:\/\/www.cherryfizz.fr\/blog\/wp-content\/uploads\/2021\/05\/Capture-de\u0301cran-2021-05-06-a\u0300-17.45.10.png\" alt=\"\" class=\"wp-image-679\" srcset=\"https:\/\/www.cherryfizz.fr\/blog\/wp-content\/uploads\/2021\/05\/Capture-de\u0301cran-2021-05-06-a\u0300-17.45.10.png 409w, https:\/\/www.cherryfizz.fr\/blog\/wp-content\/uploads\/2021\/05\/Capture-de\u0301cran-2021-05-06-a\u0300-17.45.10-246x300.png 246w\" sizes=\"auto, (max-width: 409px) 100vw, 409px\" \/><\/figure>\n\n\n\n<p>Ergonomie Web &amp; UX Design pour une conception centr\u00e9e utilisateurs par Am\u00e9lie Boucher<\/p>\n\n\n\n<figure class=\"wp-block-image size-large\"><img loading=\"lazy\" decoding=\"async\" width=\"392\" height=\"449\" src=\"https:\/\/www.cherryfizz.fr\/blog\/wp-content\/uploads\/2021\/05\/Capture-de\u0301cran-2021-05-06-a\u0300-17.45.56.png\" alt=\"\" class=\"wp-image-680\" srcset=\"https:\/\/www.cherryfizz.fr\/blog\/wp-content\/uploads\/2021\/05\/Capture-de\u0301cran-2021-05-06-a\u0300-17.45.56.png 392w, https:\/\/www.cherryfizz.fr\/blog\/wp-content\/uploads\/2021\/05\/Capture-de\u0301cran-2021-05-06-a\u0300-17.45.56-262x300.png 262w\" sizes=\"auto, (max-width: 392px) 100vw, 392px\" \/><\/figure>\n\n\n\n<p>Lean UX Concevoir de meilleurs produits avec des \u00e9quipes agiles par Jeff Gothelf \/ Josh Seiden<\/p>\n\n\n\n<figure class=\"wp-block-image size-large is-resized\"><img decoding=\"async\" src=\"https:\/\/www.cherryfizz.fr\/blog\/wp-content\/uploads\/2021\/05\/Capture-de\u0301cran-2021-05-06-a\u0300-17.46.37.png\" alt=\"\" class=\"wp-image-681\" height=\"500\" srcset=\"https:\/\/www.cherryfizz.fr\/blog\/wp-content\/uploads\/2021\/05\/Capture-de\u0301cran-2021-05-06-a\u0300-17.46.37.png 559w, https:\/\/www.cherryfizz.fr\/blog\/wp-content\/uploads\/2021\/05\/Capture-de\u0301cran-2021-05-06-a\u0300-17.46.37-207x300.png 207w\" sizes=\"(max-width: 559px) 100vw, 559px\" \/><\/figure>\n\n\n\n<p>M\u00e9thodes de Design UX par Carine Lallemand \/ Guillaume Gronier<\/p>\n\n\n\n<figure class=\"wp-block-image size-large\"><img loading=\"lazy\" decoding=\"async\" width=\"377\" height=\"522\" src=\"https:\/\/www.cherryfizz.fr\/blog\/wp-content\/uploads\/2021\/05\/Capture-de\u0301cran-2021-05-06-a\u0300-17.48.44.png\" alt=\"\" class=\"wp-image-682\" srcset=\"https:\/\/www.cherryfizz.fr\/blog\/wp-content\/uploads\/2021\/05\/Capture-de\u0301cran-2021-05-06-a\u0300-17.48.44.png 377w, https:\/\/www.cherryfizz.fr\/blog\/wp-content\/uploads\/2021\/05\/Capture-de\u0301cran-2021-05-06-a\u0300-17.48.44-217x300.png 217w\" sizes=\"auto, (max-width: 377px) 100vw, 377px\" \/><\/figure>\n\n\n\n<p>Le Design des OBJETS du QUOTIDIEN par Don Norman<\/p>\n\n\n\n<figure class=\"wp-block-image size-large\"><img loading=\"lazy\" decoding=\"async\" width=\"399\" height=\"590\" src=\"https:\/\/www.cherryfizz.fr\/blog\/wp-content\/uploads\/2021\/05\/Capture-de\u0301cran-2021-05-06-a\u0300-17.50.05.png\" alt=\"\" class=\"wp-image-683\" srcset=\"https:\/\/www.cherryfizz.fr\/blog\/wp-content\/uploads\/2021\/05\/Capture-de\u0301cran-2021-05-06-a\u0300-17.50.05.png 399w, https:\/\/www.cherryfizz.fr\/blog\/wp-content\/uploads\/2021\/05\/Capture-de\u0301cran-2021-05-06-a\u0300-17.50.05-203x300.png 203w\" sizes=\"auto, (max-width: 399px) 100vw, 399px\" \/><\/figure>\n\n\n\n<p>Design d&rsquo;exp\u00e9rience utilisateur &#8211; Principes et m\u00e9thodes UX par Sylvie Daumal<\/p>\n\n\n\n<figure class=\"wp-block-image size-large\"><img loading=\"lazy\" decoding=\"async\" width=\"374\" height=\"490\" src=\"https:\/\/www.cherryfizz.fr\/blog\/wp-content\/uploads\/2021\/05\/Capture-de\u0301cran-2021-05-06-a\u0300-17.51.08.png\" alt=\"\" class=\"wp-image-684\" srcset=\"https:\/\/www.cherryfizz.fr\/blog\/wp-content\/uploads\/2021\/05\/Capture-de\u0301cran-2021-05-06-a\u0300-17.51.08.png 374w, https:\/\/www.cherryfizz.fr\/blog\/wp-content\/uploads\/2021\/05\/Capture-de\u0301cran-2021-05-06-a\u0300-17.51.08-229x300.png 229w\" sizes=\"auto, (max-width: 374px) 100vw, 374px\" \/><\/figure>\n\n\n\n<h2 class=\"wp-block-heading\">Formations<\/h2>\n\n\n\n<p>J&rsquo;avais \u00e9crit cet article en 2019 :&nbsp;<a href=\"https:\/\/www.linkedin.com\/pulse\/comment-sauto-former-%C3%A0-lexp%C3%A9rience-utilisateur-mathilde-bermond\/\" target=\"_blank\" rel=\"noreferrer noopener\">Comment s&rsquo;auto-former \u00e0 l&rsquo;exp\u00e9rience utilisateur<\/a>.<\/p>\n\n\n\n<h3 class=\"wp-block-heading\">Les formations longues<\/h3>\n\n\n\n<p>Pour les formations longues il y a les \u00e9coles de Design de type l&rsquo;\u00e9cole de Design de Nantes Atlantiques, les Gobelins, les \u00e9coles qui proposent des Mast\u00e8res UX type ECV et d&rsquo;autres encore. Il y en a de plus en plus et donc il est important de v\u00e9rifier que ces \u00e9coles vont pouvoir vous proposer de travailler sur un large panel d&rsquo;apprentissage autour des m\u00e9tiers de l&rsquo;exp\u00e9rience utilisateur.<\/p>\n\n\n\n<h3 class=\"wp-block-heading\">Les formation courtes<\/h3>\n\n\n\n<p>Vous pouvez en trouver par exemple chez Openclassrooms (1 an environ) ou aupr\u00e8s d&rsquo;\u00e9coles qui vont proposer des formations plus courtes permettant soit de commencer \u00e0 mettre un pied dans l&rsquo;UX soit de venir valider des connaissances.<\/p>\n\n\n\n<p>J&rsquo;ai cherch\u00e9 assez activement des formations tr\u00e8s pr\u00e9cises sur mes besoins actuels et \u00e0 part monter du sur-mesure je n&rsquo;ai rien trouv\u00e9.<\/p>\n\n\n\n<h2 class=\"wp-block-heading\">Mon parcours<\/h2>\n\n\n\n<p>Comme vous me le demandez souvent, je vais tout vous dire !<\/p>\n\n\n\n<ul class=\"wp-block-list\"><li>Bac L option Art<\/li><li>Ecole Nationale des Beaux Art de Dijon option Art &#8211; 2 ans<\/li><li>Ecole R\u00e9gionale des beaux arts de Besan\u00e7on option Communication &#8211; 2 ans<\/li><li>MJM Design Graphic cursus Design Graphique<\/li><\/ul>\n\n\n\n<p>Beaucoup plus tard<\/p>\n\n\n\n<ul class=\"wp-block-list\"><li>Licence de cheffe de projet digital via Openclassrooms<\/li><\/ul>\n\n\n\n<p>Puis j&rsquo;ai suivi diverses formations courtes sur WordPress, les r\u00e9seaux sociaux, la prospection commerciale, le Design UX, le Design Sprint&#8230;<\/p>\n\n\n\n<p>J&rsquo;ai cr\u00e9\u00e9 mon entreprise en sortant des cours, en 2007, sans aucun exp\u00e9rience terrain, \u00e0 part une alternance d&rsquo;un an et quelques stages. Je vous le dis, c&rsquo;est pas l&rsquo;id\u00e9al. J&rsquo;ai s\u00fbrement perdu pas mal de temps \u00e0 me faire conna\u00eetre, bien ma\u00eetriser mon m\u00e9tier&#8230;<\/p>\n\n\n\n<h2 class=\"wp-block-heading\">Comment trouver un emploi dans l&rsquo;UX<\/h2>\n\n\n\n<p>J&rsquo;ai envie de vous dire que si j&rsquo;avais la r\u00e9ponse exacte, mon mari, UX designer, ne serait pas au ch\u00f4mage ! Donc concr\u00e8tement si je devais chercher un post d&rsquo;UX designer voici ce que je ferais :<\/p>\n\n\n\n<h3 class=\"wp-block-heading\">Votre CV<\/h3>\n\n\n\n<ul class=\"wp-block-list\"><li>Un CV qui claque, on nous demande encore et toujours des CV, tr\u00e8s souvent des lettres de motivation, ok alors faites un effort dessus. Quand j&rsquo;ai cherch\u00e9 mon poste de cheffe de projet, j&rsquo;ai fait des lettres de motivation avec un style graphique sp\u00e9cifique, j&rsquo;ai pas fait un Word tout simple, idem pour mon CV. Les boites en re\u00e7oivent des tas, forc\u00e9ment, j&rsquo;innove pas en vous disant de sortir du lot, apr\u00e8s je nuance, vous cherchez un post plus technique par exemple d&rsquo;UX Researcher, vous avez s\u00fbrement d&rsquo;autres choses \u00e0 mettre en avant dessus. Apr\u00e8s je suis du genre \u00e0 ne pas accepter de passer 15 jours \u00e0 faire mon CV anim\u00e9 comme on peut parfois voir \u00e9merger sur LinkedIn. Si vous avez d\u00e9j\u00e0 de l&rsquo;exp\u00e9rience mettez plut\u00f4t en avant vos r\u00e9sultats. En terme d&rsquo;UX si vous n&rsquo;\u00eates pas UI Designer, c&rsquo;est plus difficile de faire des mises en page esth\u00e9tiques, mais racontez des \u00e9tudes de cas ! Soyez concrets, parlez ROI !<\/li><\/ul>\n\n\n\n<h3 class=\"wp-block-heading\">R\u00e9seautez !<\/h3>\n\n\n\n<p>Il faut savoir que la plupart des offres ne sont pas publi\u00e9es sur le march\u00e9 ! Oui c&rsquo;est chiant.<\/p>\n\n\n\n<ul class=\"wp-block-list\"><li>Contactez vos amis en poste, vos connaissances, peut-\u00eatre entendent-ils parler de quelque chose.<\/li><li>Les cabinets de recrutement.<\/li><li>Les groupes Facebook ou LinkedIn<\/li><li>Les jobboards des couveuses d&rsquo;entreprises<\/li><li>P\u00f4le Emploi<\/li><li>Publiez votre recherche\/CV sur les r\u00e9seaux<\/li><li>Postulez dans la boite de vos r\u00eaves ! Qui sait, en fait ils pensaient chercher un Designer UX !<\/li><\/ul>\n\n\n\n<h3 class=\"wp-block-heading\">Faites de la veille<\/h3>\n\n\n\n<p>Mettez des alertes sur tous les sites que vous connaissez !<\/p>\n\n\n\n<ul class=\"wp-block-list\"><li>Welcome to The Jungle<\/li><li>Apec<\/li><li>LinkedIn&#8230;<\/li><\/ul>\n\n\n\n<h2 class=\"wp-block-heading\">Se lancer en freelance<\/h2>\n\n\n\n<h3 class=\"wp-block-heading\">Les statuts<\/h3>\n\n\n\n<p>Il existe des tas de statuts possibles celui qui va revenir le plus souvent car il est simple \u00e0 mettre en place c&rsquo;est le statut de micro entrepreneur c&rsquo;est l&rsquo;ancien statut auto entrepreneur. Je ne l&rsquo;ai eu que 1 an 1\/2 donc je ne suis pas bien plac\u00e9e pour vous en parler toutefois, je peux vous donner mon retour d&rsquo;exp\u00e9rience sur pourquoi je ne l&rsquo;ai pas gard\u00e9 !<\/p>\n\n\n\n<p>J&rsquo;ai \u00e9t\u00e9 pendant longtemps en Entreprise Individuelle, avec un statut rattach\u00e9 \u00e0 la Maison des Artistes. Depuis je suis en SASU, j&rsquo;ai cr\u00e9\u00e9 cette soci\u00e9t\u00e9 pour ces raisons l\u00e0 :<\/p>\n\n\n\n<ul class=\"wp-block-list\"><li>Protection sociale<\/li><\/ul>\n\n\n\n<p>Le statut de micro entreprise a peu de charges pour cause, vous \u00eates peu prot\u00e9g\u00e9. A vous de voir selon vos besoins, famille, maternit\u00e9, enfants, retraite&#8230; comment vous souhaitez \u00eatre couverts.<\/p>\n\n\n\n<ul class=\"wp-block-list\"><li>Les revenus<\/li><\/ul>\n\n\n\n<p>En tant que soci\u00e9t\u00e9, les revenus de la soci\u00e9t\u00e9 sont dissoci\u00e9s des revenus personnels, \u00e7a permet de mieux g\u00e9rer son argent et son imposition.<\/p>\n\n\n\n<ul class=\"wp-block-list\"><li>La responsabilit\u00e9<\/li><\/ul>\n\n\n\n<p>Idem, en tant que soci\u00e9t\u00e9 il n&rsquo;y a pas la m\u00eame responsabilit\u00e9 qu&rsquo;en micro entreprise. En micro tout est li\u00e9 en terme de responsabilit\u00e9 financi\u00e8re \/ juridique et vos biens personnels sont li\u00e9s \u00e0 votre entreprise. En cas de souci, vos biens peuvent \u00eatre engag\u00e9s. J&rsquo;ai pr\u00e9f\u00e9r\u00e9 tout s\u00e9parer.<\/p>\n\n\n\n<ul class=\"wp-block-list\"><li>Le d\u00e9veloppement<\/li><\/ul>\n\n\n\n<p>Concernant la soci\u00e9t\u00e9, elle me permet d&rsquo;envisager la possibilit\u00e9 de d\u00e9veloppement sereinement dans un cadre l\u00e9gal d\u00e9j\u00e0 pos\u00e9 via les statuts de ma SASU.<\/p>\n\n\n\n<h3 class=\"wp-block-heading\">La prospection<\/h3>\n\n\n\n<p>J&rsquo;ai ai parl\u00e9&nbsp;<a href=\"https:\/\/podcast.ausha.co\/la-cohorte-le-podcast-qui-rapproche-les-freelances\/la-cohorte-s5e6-prospecter-sur-linkedi\" target=\"_blank\" rel=\"noreferrer noopener\">ici dans le podcast<\/a>&nbsp;de la Cohorte, j&rsquo;explique comment je prospecte sur LinkedIn et quelques autres infos sur la prospection en g\u00e9n\u00e9ral.<\/p>\n\n\n\n<h3 class=\"wp-block-heading\">Le r\u00e9seau du freelance<\/h3>\n\n\n\n<ul class=\"wp-block-list\"><li>C\u00f4toyer des coll\u00e8gues<\/li><\/ul>\n\n\n\n<p>Du m\u00eame m\u00e9tier, mais des personnes inspirantes !<\/p>\n\n\n\n<ul class=\"wp-block-list\"><li>Garder son r\u00e9seau<\/li><\/ul>\n\n\n\n<p>Qu&rsquo;on vienne de Paris, Strasbourg ou n&rsquo;importe o\u00f9 ailleurs, le contexte actuel prouve largement qu&rsquo;on peut bosser de partout ! Donc entretenez vos r\u00e9seaux !<\/p>\n\n\n\n<ul class=\"wp-block-list\"><li>Remonter son r\u00e9seau et \u00eatre visible<\/li><\/ul>\n\n\n\n<p>L\u00e0 pas de myst\u00e8re, \u00e9nergie et patience, Linkedin, des r\u00e9seaux physiques, \u00e0 vous de voir ceux qui vous correspondent le mieux, il y en a pl\u00e9thore ! Pour ma part, je n&rsquo;ai pas trouv\u00e9 celui qui me plait le plus sur Nantes. Actuellement je fais sans mais je sais que ce n&rsquo;est pas la meilleure solution.<\/p>\n\n\n\n<ul class=\"wp-block-list\"><li>Contacter les entreprises et agences en direct<\/li><\/ul>\n\n\n\n<p>Assez ingrat, mais parfois payant sur le long terme ! J&rsquo;ai cr\u00e9\u00e9 un listing de prospection (\u00e7a m&rsquo;a pris 15 jours !) et j&rsquo;ai contact\u00e9 les entreprises qui me plaisaient. A savoir que ce genre de listing doit \u00eatre tenu \u00e0 jour.<\/p>\n\n\n\n<h3 class=\"wp-block-heading\">La fr\u00e9quence des missions<\/h3>\n\n\n\n<p>A terme, on commence \u00e0 voir le temps n\u00e9cessaire aux missions ainsi que le temps n\u00e9cessaire \u00e0 la signature d&rsquo;un contrat.<\/p>\n\n\n\n<ul class=\"wp-block-list\"><li>Prospecter<\/li><\/ul>\n\n\n\n<p>C&rsquo;est la partie la plus complexe, car quand tu as un client et des projets, il faut tout de m\u00eame prospecter. La plus grosse erreur \u00e9tant d&rsquo;attendre de ne plus rien avoir pour chercher des clients. On peut \u00eatre tent\u00e9 de faire \u00e7a car on a plus de temps, sauf que non, il faut d\u00e9marcher ET produire.<\/p>\n\n\n\n<ul class=\"wp-block-list\"><li>Tenir une roadmap des projets<\/li><\/ul>\n\n\n\n<p>J&rsquo;ai mis en place ma gestion de projet sous Notion, j&rsquo;ai fait&nbsp;<a href=\"https:\/\/youtu.be\/VR8evP8PKQ4\" target=\"_blank\" rel=\"noreferrer noopener\">une vid\u00e9o ici<\/a>. Et il est important de se donner des jalons ainsi qu&rsquo;aux clients pour pouvoir avancer et avoir de la visibilit\u00e9 sur tes prochaines disponibilit\u00e9s. Cela permet de donner des d\u00e9lais, s&rsquo;y tenir et donner des nouvelles dates de livraison aux nouveaux clients.<\/p>\n\n\n\n<h2 class=\"wp-block-heading\">Freelance ou salari\u00e9 ?<\/h2>\n\n\n\n<p>Concr\u00e8tement, c&rsquo;est une question vraiment tr\u00e8s personnelle. Et je vous donne mon retour et cela n&rsquo;engage que moi et ce que j&rsquo;ai pu vivre ou voir vivre autour de moi.<\/p>\n\n\n\n<h3 class=\"wp-block-heading\">\u00catre freelance<\/h3>\n\n\n\n<ul class=\"wp-block-list\"><li>C&rsquo;est un \u00e9tat d&rsquo;esprit !<\/li><li>Si tu aimes faire ton m\u00e9tier et uniquement ton m\u00e9tier, c&rsquo;est pas id\u00e9al, tu deviens entrepreneur et cela demande du temps et tu te retrouves \u00e0 g\u00e9rer divers aspects juridiques et administratifs. Si tu fais preuve de phobie administrative je ne pourrais que trop te conseiller de passer ton chemin !<\/li><li>Tu dois aimer aller au contact des gens, partenaires ou clients. Il faut d\u00e9marcher, se taper des refus, des relances, r\u00e9cup\u00e9rer ton argent, rien de bien gratifiant !<\/li><li>Tu dois avoir de l&rsquo;\u00e9nergie pour deux (au moins !) entre ton m\u00e9tier de Designer et la recherche de client, ta communication, l&rsquo;administratif c&rsquo;est long, tr\u00e8s long !<\/li><li>Tu aimes les challenge et la diversit\u00e9 ! Alors c&rsquo;est vraiment la partie la plus cool en tant que freelance. J&rsquo;y vois l&rsquo;opportunit\u00e9 de cr\u00e9er mon m\u00e9tier tel que je le vois.<\/li><li>Tu as besoin de cadre ? Alors c&rsquo;est compliqu\u00e9. Depuis 14 ans, j&rsquo;ai mon cadre et \u00e7a fonctionne tr\u00e8s bien. Par contre, tu vas devoir tout g\u00e9rer seul.e, ton temps, ta production, tes appels, mails, on peut vite \u00eatre submerg\u00e9. Il faut se donner des r\u00e8gles et s&rsquo;y tenir ! Beaucoup de rigueur donc.<\/li><li>Tu veux avoir plein d&rsquo;argent, je pense que c&rsquo;est possible, mais \u00e7a va te demander de vraiment bien travailler. Tu es stress\u00e9 par l&rsquo;argent, alors \u00eatre freelance c&rsquo;est pas forc\u00e9ment le top de la d\u00e9tente !<\/li><\/ul>\n\n\n\n<p>Attention en tant que freelance \u00e0 ne pas faire ce qu&rsquo;on appelle du salariat d\u00e9guis\u00e9 ! Beaucoup de cabinets proposent des contrats de freelance de 6 mois, 1 an, voire plus en plein temps. Avoir un seul client et un lien de subordination (c&rsquo;est \u00e0 dire que tu ne d\u00e9cides pas quand et comment tu travailles) c&rsquo;est ill\u00e9gal, et cela peut \u00eatre reconsid\u00e9r\u00e9 en contrat de travail.<\/p>\n\n\n\n<h3 class=\"wp-block-heading\">\u00catre salari\u00e9<\/h3>\n\n\n\n<p>Je le vois vraiment comme la routine ! M\u00eame si j&rsquo;ai pu y faire mon m\u00e9tier \u00e0 100% sur des projets que je n&rsquo;aurais jamais avoir faire en freelance, le cadre de l&rsquo;entreprise ne me convient pas. Le trajet, les feuilles de temps, les demandes \u00e0 la hi\u00e9rarchie pour ci, pour \u00e7a&#8230; \u00e7a n&rsquo;est pas pour moi.<\/p>\n\n\n\n<ul class=\"wp-block-list\"><li>La tranquillit\u00e9 d&rsquo;esprit, avoir le salaire \u00e0 la fin du moins quel pied !<\/li><li>Ne pas d\u00e9marcher ni faire aucune paperasse administrative !<\/li><li>Cotiser pour le ch\u00f4mage ! En free aucune possibilit\u00e9.<\/li><\/ul>\n\n\n\n<p>Tu veux voir le pire entretien d&#8217;embauche d&rsquo;un UX designer ?&nbsp;<a href=\"https:\/\/youtu.be\/mY5eoglBrT0\" target=\"_blank\" rel=\"noreferrer noopener\">C&rsquo;est par ici<\/a>&nbsp;!<\/p>\n\n\n\n<h2 class=\"wp-block-heading\">Conclusion<\/h2>\n\n\n\n<p>Je pense avoir transcris les questions que je re\u00e7ois le plus souvent. Malheureusement, je n&rsquo;arrive plus \u00e0 tous vous r\u00e9pondre d\u00e9j\u00e0 \u00e0 cause du temps, puis parce que concr\u00e8tement, je vous r\u00e9pond tous la m\u00eame chose, et moi et la routine^^<\/p>\n\n\n\n<p>Bon courage !<\/p>\n","protected":false},"excerpt":{"rendered":"<p>Pourquoi cet article qui incite au clic vous me direz ? On est jeudi matin et depuis lundi j&rsquo;ai re\u00e7u 4 demandes en message de personnes qui souhaitent \u00e9changer avec moi sur des conseils soit en freelance, soit sur la recherche d&#8217;emploi dans les m\u00e9tiers du Design UX, soit encore<\/p>\n","protected":false},"author":1,"featured_media":665,"comment_status":"closed","ping_status":"closed","sticky":false,"template":"","format":"standard","meta":{"_jetpack_newsletter_access":"","_jetpack_dont_email_post_to_subs":false,"_jetpack_newsletter_tier_id":0,"_jetpack_memberships_contains_paywalled_content":false,"_jetpack_memberships_contains_paid_content":false,"footnotes":""},"categories":[12,117],"tags":[],"class_list":["post-664","post","type-post","status-publish","format-standard","has-post-thumbnail","hentry","category-design-ux","category-entrepreneuriat"],"views":7686,"jetpack_featured_media_url":"https:\/\/www.cherryfizz.fr\/blog\/wp-content\/uploads\/2021\/02\/1610624673280.jpeg","jetpack_sharing_enabled":true,"_links":{"self":[{"href":"https:\/\/www.cherryfizz.fr\/blog\/wp-json\/wp\/v2\/posts\/664","targetHints":{"allow":["GET"]}}],"collection":[{"href":"https:\/\/www.cherryfizz.fr\/blog\/wp-json\/wp\/v2\/posts"}],"about":[{"href":"https:\/\/www.cherryfizz.fr\/blog\/wp-json\/wp\/v2\/types\/post"}],"author":[{"embeddable":true,"href":"https:\/\/www.cherryfizz.fr\/blog\/wp-json\/wp\/v2\/users\/1"}],"replies":[{"embeddable":true,"href":"https:\/\/www.cherryfizz.fr\/blog\/wp-json\/wp\/v2\/comments?post=664"}],"version-history":[{"count":2,"href":"https:\/\/www.cherryfizz.fr\/blog\/wp-json\/wp\/v2\/posts\/664\/revisions"}],"predecessor-version":[{"id":685,"href":"https:\/\/www.cherryfizz.fr\/blog\/wp-json\/wp\/v2\/posts\/664\/revisions\/685"}],"wp:featuredmedia":[{"embeddable":true,"href":"https:\/\/www.cherryfizz.fr\/blog\/wp-json\/wp\/v2\/media\/665"}],"wp:attachment":[{"href":"https:\/\/www.cherryfizz.fr\/blog\/wp-json\/wp\/v2\/media?parent=664"}],"wp:term":[{"taxonomy":"category","embeddable":true,"href":"https:\/\/www.cherryfizz.fr\/blog\/wp-json\/wp\/v2\/categories?post=664"},{"taxonomy":"post_tag","embeddable":true,"href":"https:\/\/www.cherryfizz.fr\/blog\/wp-json\/wp\/v2\/tags?post=664"}],"curies":[{"name":"wp","href":"https:\/\/api.w.org\/{rel}","templated":true}]}}