{"id":109,"date":"2017-03-13T14:56:00","date_gmt":"2017-03-13T13:56:00","guid":{"rendered":"http:\/\/www.cherryfizz.fr\/blog\/?p=109"},"modified":"2021-02-18T23:50:59","modified_gmt":"2021-02-18T22:50:59","slug":"5-raisons-de-faire-realiser-identite-professionnel","status":"publish","type":"post","link":"https:\/\/www.cherryfizz.fr\/blog\/5-raisons-de-faire-realiser-identite-professionnel\/","title":{"rendered":"5 raisons de faire r\u00e9aliser son identit\u00e9 visuelle par un professionnel."},"content":{"rendered":"<p>On est parfois tent\u00e9 lorsque l&rsquo;on doit cr\u00e9er son identit\u00e9 visuelle d&rsquo;entreprise de faire appel aux personnes les plus proches afin de d\u00e9lester une partie du budget. Un ami, le fils d&rsquo;un ami qui aime dessiner. L&rsquo;important est bien s\u00fbr de prendre en compte l&rsquo;exp\u00e9rience. Vous confiez la partie \u00e9mergente de l&rsquo;iceberg, la partie qui sera la plus vue. Vous communiquerez avec cette identit\u00e9 et ce visuel sera pr\u00e9sent sur tous vos documents. Il est important que le travail soit bien fait et que vous vous sentiez fier de ce qui a \u00e9t\u00e9 r\u00e9alis\u00e9.<\/p>\n<p><img loading=\"lazy\" decoding=\"async\" class=\"alignnone size-large wp-image-111\" src=\"https:\/\/www.cherryfizz.fr\/blog\/wp-content\/uploads\/2017\/03\/pencils-762555_1920-1-1024x683.jpg\" alt=\"cr\u00e9er son blog d'entreprise\" width=\"1024\" height=\"683\" srcset=\"https:\/\/www.cherryfizz.fr\/blog\/wp-content\/uploads\/2017\/03\/pencils-762555_1920-1-1024x683.jpg 1024w, https:\/\/www.cherryfizz.fr\/blog\/wp-content\/uploads\/2017\/03\/pencils-762555_1920-1-300x200.jpg 300w, https:\/\/www.cherryfizz.fr\/blog\/wp-content\/uploads\/2017\/03\/pencils-762555_1920-1-768x512.jpg 768w, https:\/\/www.cherryfizz.fr\/blog\/wp-content\/uploads\/2017\/03\/pencils-762555_1920-1-1080x720.jpg 1080w, https:\/\/www.cherryfizz.fr\/blog\/wp-content\/uploads\/2017\/03\/pencils-762555_1920-1.jpg 1920w\" sizes=\"auto, (max-width: 1024px) 100vw, 1024px\" \/><\/p>\n<p><strong>Confier la r\u00e9alisation de votre logo<\/strong> ne signifie pas \u00ab\u00a0passer le b\u00e9b\u00e9\u00a0\u00bb et attendre. C&rsquo;est un travail d&rsquo;\u00e9quipe. Certes vous payez pour cette prestation, mais vos \u00e9changes vont \u00eatre d\u00e9terminants dans la r\u00e9alisation de ce travail.<\/p>\n<p><span style=\"color: #ff9900;\"><strong>Voil\u00e0 5 bonne raisons de faire r\u00e9aliser votre identit\u00e9 visuelle par un professionnel :<\/strong><\/span><\/p>\n<p><span style=\"color: #ff9900;\"><strong>Les outils :<br \/>\n<\/strong><\/span>Un bon graphiste est \u00e9quip\u00e9 de logiciels qui vont lui permettre de travailler de mani\u00e8re professionnelle. Ces outils ont un co\u00fbt mensuel et sont sp\u00e9cialis\u00e9s l&rsquo;assistance \u00e0 la cr\u00e9ation graphique.<br \/>\nLa typographie est aussi un \u00e9l\u00e9ment important et&nbsp;il faut savoir qu&rsquo;utiliser une typographie d&rsquo;un cr\u00e9ateur demande de le r\u00e9mun\u00e9rer.<\/p>\n<p><span style=\"color: #ff9900;\"><strong>La formation et l&rsquo;exp\u00e9rience :<br \/>\n<\/strong><\/span>Dans la cr\u00e9ation graphique il existe des multitudes de formations et des fa\u00e7ons d&rsquo;apprendre \u00e0 travailler dans ce domaine. Les dipl\u00f4mes dans le domaine du web et de la cr\u00e9ation graphique sont r\u00e9cents. Avant il y avait le choix entre les \u00e9coles des Beaux-Art et les \u00e9coles priv\u00e9es. Le graphiste a donc suivi une formation ou s&rsquo;est document\u00e9 et cultiv\u00e9 par ses propres moyens et b\u00e9n\u00e9ficie d&rsquo;une connaissance dans son domaine, veille, tendances, outils&#8230; qui n&rsquo;est pas n\u00e9gligeable.<\/p>\n<p>L&rsquo;exp\u00e9rience joue aussi \u00e9norm\u00e9ment. Demander au fils de votre amis de 14 ans de faire votre logo n&rsquo;est pas une bonne id\u00e9e. A moins qu&rsquo;il ne soit un g\u00e9nie. Mais si ce n&rsquo;est pas la cas il ignore les tendances, il n&rsquo;a pas encore d&rsquo;exp\u00e9rience, pas de vue sur le monde du travail et donc n&rsquo;a pas conscience du retour sur investissement que vous pouvez attendre. L&rsquo;erreur ne viendrait pas de lui, mais de vous en demandant ce type de prestation professionnelle \u00e0 une personne \u00e9trang\u00e8re au monde du travail. (C&rsquo;est un exemple bien s\u00fbr !)<\/p>\n<p><span style=\"color: #ff9900;\"><strong>La m\u00e9thode :<br \/>\n<\/strong><\/span>Chaque prestataire \u00e0 sa propre m\u00e9thode, mais dans tous les cas il vous posera des questions, au mieux vous fera remplir un brief afin de discuter de votre entreprise, de vos enjeux, objectifs, cibles&#8230; son travail ne consiste pas \u00e0 cr\u00e9er simplement un design, mais \u00e0 veiller que celui-ci corresponde \u00e0 vos clients, prospects et repr\u00e9sente vos valeurs.<\/p>\n<p><img loading=\"lazy\" decoding=\"async\" class=\"alignnone size-large wp-image-115\" src=\"https:\/\/www.cherryfizz.fr\/blog\/wp-content\/uploads\/2017\/03\/desk-931928_1920-1-1024x681.jpg\" alt=\"cr\u00e9ation identit\u00e9 visuelle cherryfizz\" width=\"1024\" height=\"681\" srcset=\"https:\/\/www.cherryfizz.fr\/blog\/wp-content\/uploads\/2017\/03\/desk-931928_1920-1-1024x681.jpg 1024w, https:\/\/www.cherryfizz.fr\/blog\/wp-content\/uploads\/2017\/03\/desk-931928_1920-1-300x200.jpg 300w, https:\/\/www.cherryfizz.fr\/blog\/wp-content\/uploads\/2017\/03\/desk-931928_1920-1-768x511.jpg 768w, https:\/\/www.cherryfizz.fr\/blog\/wp-content\/uploads\/2017\/03\/desk-931928_1920-1-1080x718.jpg 1080w, https:\/\/www.cherryfizz.fr\/blog\/wp-content\/uploads\/2017\/03\/desk-931928_1920-1.jpg 1920w\" sizes=\"auto, (max-width: 1024px) 100vw, 1024px\" \/><\/p>\n<p><span style=\"color: #ff9900;\"><strong>Le recul :<br \/>\n<\/strong><\/span>On est souvent tent\u00e9 dans ce type de prestation de mettre dans la boucle tout le monde afin d&rsquo;avoir de multiples avis. Il est important d&rsquo;avoir surtout le recul n\u00e9cessaire. Votre graphiste saura prendre en compte les \u00e9l\u00e9ments utiles \u00e0 sa r\u00e9alisation en ayant ce recul. La cr\u00e9ation de votre identit\u00e9 visuelle ne rel\u00e8ve pas du m\u00eame choix que le papier peint d&rsquo;un salon. Sa port\u00e9e est autrement plus importante et touche beaucoup plus de monde.<\/p>\n<p><span style=\"color: #ff9900;\"><strong>Le r\u00e9sultat :&nbsp;<\/strong><\/span><br \/>\nChaque graphiste a son style, mais il doit pour autant \u00eatre ma\u00eetris\u00e9.&nbsp;On voit encore trop souvent des identit\u00e9s cr\u00e9\u00e9es sans aucune ma\u00eetrise ni de l&rsquo;outil ni du sujet. Souvent parce que le prix est bon march\u00e9.<br \/>\nLa cr\u00e9ation d&rsquo;un logo n&rsquo;est pas et ne peut pas \u00eatre bon march\u00e9. Elle demande du travail et repr\u00e9sente un risque pour son cr\u00e9ateur.<br \/>\nVotre identit\u00e9 visuelle c&rsquo;est votre entreprise, elle a une valeur et vous repr\u00e9sente en dehors de vos bureaux. Ne la bradez pas !<\/p>\n<p><img loading=\"lazy\" decoding=\"async\" class=\"aligncenter wp-image-254 size-medium\" src=\"https:\/\/www.cherryfizz.fr\/blog\/wp-content\/uploads\/2017\/04\/NOUVEAU-LOGO-2017-300x300.jpg\" alt=\"\" width=\"300\" height=\"300\" srcset=\"https:\/\/www.cherryfizz.fr\/blog\/wp-content\/uploads\/2017\/04\/NOUVEAU-LOGO-2017-300x300.jpg 300w, https:\/\/www.cherryfizz.fr\/blog\/wp-content\/uploads\/2017\/04\/NOUVEAU-LOGO-2017-150x150.jpg 150w, https:\/\/www.cherryfizz.fr\/blog\/wp-content\/uploads\/2017\/04\/NOUVEAU-LOGO-2017.jpg 600w\" sizes=\"auto, (max-width: 300px) 100vw, 300px\" \/><br \/>\nCherry Fizz accompagne ses clients depuis plus de 10 ans dans la mise en place et la cr\u00e9ation de leurs identit\u00e9s visuelles et cr\u00e9ation de sites Web.<\/p>\n<p><img loading=\"lazy\" decoding=\"async\" class=\"aligncenter wp-image-243\" src=\"https:\/\/www.cherryfizz.fr\/blog\/wp-content\/uploads\/2017\/04\/contact-blog-cherryfizz.jpg\" alt=\"contact-blog-cherryfizz\" width=\"400\" height=\"463\" srcset=\"https:\/\/www.cherryfizz.fr\/blog\/wp-content\/uploads\/2017\/04\/contact-blog-cherryfizz.jpg 518w, https:\/\/www.cherryfizz.fr\/blog\/wp-content\/uploads\/2017\/04\/contact-blog-cherryfizz-259x300.jpg 259w\" sizes=\"auto, (max-width: 400px) 100vw, 400px\" \/><\/p>\n","protected":false},"excerpt":{"rendered":"<p>On est parfois tent\u00e9 lorsque l&rsquo;on doit cr\u00e9er son identit\u00e9 visuelle d&rsquo;entreprise de faire appel aux personnes les plus proches afin de d\u00e9lester une partie du budget. Un ami, le fils d&rsquo;un ami qui aime dessiner. L&rsquo;important est bien s\u00fbr de prendre en compte l&rsquo;exp\u00e9rience. Vous confiez la partie \u00e9mergente<\/p>\n","protected":false},"author":1,"featured_media":111,"comment_status":"closed","ping_status":"closed","sticky":false,"template":"","format":"standard","meta":{"_jetpack_newsletter_access":"","_jetpack_dont_email_post_to_subs":false,"_jetpack_newsletter_tier_id":0,"_jetpack_memberships_contains_paywalled_content":false,"_jetpack_memberships_contains_paid_content":false,"footnotes":""},"categories":[14],"tags":[29,4,24,28,17,19,18],"class_list":["post-109","post","type-post","status-publish","format-standard","has-post-thumbnail","hentry","category-graphisme","tag-cherry-fizz-strasbourg","tag-communication","tag-communication-dentreprise","tag-creation","tag-graphiste","tag-identite-visuelle","tag-logo"],"views":5681,"jetpack_featured_media_url":"https:\/\/www.cherryfizz.fr\/blog\/wp-content\/uploads\/2017\/03\/pencils-762555_1920-1.jpg","jetpack_sharing_enabled":true,"_links":{"self":[{"href":"https:\/\/www.cherryfizz.fr\/blog\/wp-json\/wp\/v2\/posts\/109","targetHints":{"allow":["GET"]}}],"collection":[{"href":"https:\/\/www.cherryfizz.fr\/blog\/wp-json\/wp\/v2\/posts"}],"about":[{"href":"https:\/\/www.cherryfizz.fr\/blog\/wp-json\/wp\/v2\/types\/post"}],"author":[{"embeddable":true,"href":"https:\/\/www.cherryfizz.fr\/blog\/wp-json\/wp\/v2\/users\/1"}],"replies":[{"embeddable":true,"href":"https:\/\/www.cherryfizz.fr\/blog\/wp-json\/wp\/v2\/comments?post=109"}],"version-history":[{"count":16,"href":"https:\/\/www.cherryfizz.fr\/blog\/wp-json\/wp\/v2\/posts\/109\/revisions"}],"predecessor-version":[{"id":595,"href":"https:\/\/www.cherryfizz.fr\/blog\/wp-json\/wp\/v2\/posts\/109\/revisions\/595"}],"wp:featuredmedia":[{"embeddable":true,"href":"https:\/\/www.cherryfizz.fr\/blog\/wp-json\/wp\/v2\/media\/111"}],"wp:attachment":[{"href":"https:\/\/www.cherryfizz.fr\/blog\/wp-json\/wp\/v2\/media?parent=109"}],"wp:term":[{"taxonomy":"category","embeddable":true,"href":"https:\/\/www.cherryfizz.fr\/blog\/wp-json\/wp\/v2\/categories?post=109"},{"taxonomy":"post_tag","embeddable":true,"href":"https:\/\/www.cherryfizz.fr\/blog\/wp-json\/wp\/v2\/tags?post=109"}],"curies":[{"name":"wp","href":"https:\/\/api.w.org\/{rel}","templated":true}]}}